{"id":110648,"date":"2026-04-22T14:24:18","date_gmt":"2026-04-22T14:24:18","guid":{"rendered":"https:\/\/surer.zonasinergia.com.ar\/?p=110648"},"modified":"2026-04-22T14:24:19","modified_gmt":"2026-04-22T14:24:19","slug":"gran-respuesta-de-la-comunidad-en-la-jornada-de-vacunacion-antirrabica-en-larroque","status":"publish","type":"post","link":"https:\/\/surer.zonasinergia.com.ar\/?p=110648","title":{"rendered":"GRAN RESPUESTA DE LA COMUNIDAD EN LA JORNADA DE VACUNACI\u00d3N ANTIRR\u00c1BICA EN LARROQUE"},"content":{"rendered":"\n<p>Vacunaci\u00f3n Antirr\u00e1bica para Perros y Gatos 2026<\/p>\n\n\n\n<p>Larroque, El pasado 19 de abril de 2026 \u2013 Con una concurrencia masiva, finaliz\u00f3 hoy la Campa\u00f1a Gratuita de Vacunaci\u00f3n Antirr\u00e1bica para perros y gatos. Desde la Direcci\u00f3n de Producci\u00f3n y Ambiente de la Municipalidad, se destaca la gran responsabilidad de los vecinos, quienes se acercaron a los distintos puntos habilitados para asegurar la salud de sus mascotas.<\/p>\n\n\n\n<p><\/p>\n\n\n\n<figure class=\"wp-block-image size-large\"><img loading=\"lazy\" decoding=\"async\" width=\"1024\" height=\"1024\" src=\"https:\/\/surer.zonasinergia.com.ar\/wp-content\/uploads\/2026\/04\/675448302_1668915084143908_6393262177945821196_n-1024x1024.jpg\" alt=\"\" class=\"wp-image-110650\" srcset=\"https:\/\/surer.zonasinergia.com.ar\/wp-content\/uploads\/2026\/04\/675448302_1668915084143908_6393262177945821196_n-1024x1024.jpg 1024w, https:\/\/surer.zonasinergia.com.ar\/wp-content\/uploads\/2026\/04\/675448302_1668915084143908_6393262177945821196_n-300x300.jpg 300w, https:\/\/surer.zonasinergia.com.ar\/wp-content\/uploads\/2026\/04\/675448302_1668915084143908_6393262177945821196_n-150x150.jpg 150w, https:\/\/surer.zonasinergia.com.ar\/wp-content\/uploads\/2026\/04\/675448302_1668915084143908_6393262177945821196_n-768x768.jpg 768w, https:\/\/surer.zonasinergia.com.ar\/wp-content\/uploads\/2026\/04\/675448302_1668915084143908_6393262177945821196_n-696x696.jpg 696w, https:\/\/surer.zonasinergia.com.ar\/wp-content\/uploads\/2026\/04\/675448302_1668915084143908_6393262177945821196_n-1068x1068.jpg 1068w, https:\/\/surer.zonasinergia.com.ar\/wp-content\/uploads\/2026\/04\/675448302_1668915084143908_6393262177945821196_n-420x420.jpg 420w, https:\/\/surer.zonasinergia.com.ar\/wp-content\/uploads\/2026\/04\/675448302_1668915084143908_6393262177945821196_n.jpg 1440w\" sizes=\"auto, (max-width: 1024px) 100vw, 1024px\" \/><\/figure>\n\n\n\n<p>El operativo, que cont\u00f3 con el despliegue de los veterinarios de nuestra ciudad, permiti\u00f3 alcanzar una cifra muy significativa de animales inmunizados, reforzando as\u00ed la prevenci\u00f3n de la rabia en el \u00e1mbito local.<\/p>\n\n\n\n<p>El domingo 19 de abril, en marco del Mes del Animal, la Subsecretaria de Producci\u00f3n, Ambiente y Espacios P\u00fablicos de la Municipalidad llev\u00f3 adelante una nueva Campa\u00f1a de Vacunaci\u00f3n Antirr\u00e1bica gratuita, alcanzandose la inmunizaci\u00f3n de 417 perros y 128 gatos.<\/p>\n\n\n\n<figure class=\"wp-block-image size-large\"><img loading=\"lazy\" decoding=\"async\" width=\"819\" height=\"1024\" src=\"https:\/\/surer.zonasinergia.com.ar\/wp-content\/uploads\/2026\/04\/678794707_122222357906336879_5113441661948651837_n-819x1024.jpg\" alt=\"\" class=\"wp-image-110651\" srcset=\"https:\/\/surer.zonasinergia.com.ar\/wp-content\/uploads\/2026\/04\/678794707_122222357906336879_5113441661948651837_n-819x1024.jpg 819w, https:\/\/surer.zonasinergia.com.ar\/wp-content\/uploads\/2026\/04\/678794707_122222357906336879_5113441661948651837_n-240x300.jpg 240w, https:\/\/surer.zonasinergia.com.ar\/wp-content\/uploads\/2026\/04\/678794707_122222357906336879_5113441661948651837_n-768x960.jpg 768w, https:\/\/surer.zonasinergia.com.ar\/wp-content\/uploads\/2026\/04\/678794707_122222357906336879_5113441661948651837_n-1229x1536.jpg 1229w, https:\/\/surer.zonasinergia.com.ar\/wp-content\/uploads\/2026\/04\/678794707_122222357906336879_5113441661948651837_n-150x188.jpg 150w, https:\/\/surer.zonasinergia.com.ar\/wp-content\/uploads\/2026\/04\/678794707_122222357906336879_5113441661948651837_n-300x375.jpg 300w, https:\/\/surer.zonasinergia.com.ar\/wp-content\/uploads\/2026\/04\/678794707_122222357906336879_5113441661948651837_n-696x870.jpg 696w, https:\/\/surer.zonasinergia.com.ar\/wp-content\/uploads\/2026\/04\/678794707_122222357906336879_5113441661948651837_n-1068x1335.jpg 1068w, https:\/\/surer.zonasinergia.com.ar\/wp-content\/uploads\/2026\/04\/678794707_122222357906336879_5113441661948651837_n-336x420.jpg 336w, https:\/\/surer.zonasinergia.com.ar\/wp-content\/uploads\/2026\/04\/678794707_122222357906336879_5113441661948651837_n.jpg 1440w\" sizes=\"auto, (max-width: 819px) 100vw, 819px\" \/><\/figure>\n\n\n\n<p>La actividad se realiz\u00f3 en conjunto con los m\u00e9dicos veterinarios locales Pablo Razquin, Silvina Sixto, Antonio De Zan, Ra\u00fal Monti y Josefina Tantin, cada uno de los cuales se ubico en diferentes puntos de vacunaci\u00f3n.<\/p>\n\n\n\n<p>Esta acci\u00f3n preventiva tiene como objetivo principal evitar la propagaci\u00f3n de la rabia, una enfermedad zoon\u00f3tica que afecta a los mam\u00edferos y que en la actualidad no tiene cura una vez que se presentan los s\u00edntomas, siendo mortal en el 100% de los casos.<\/p>\n\n\n\n<p>Agradecemos la participaci\u00f3n de los vecinos y destacamos la labor de los veterinarios que colaboraron en la jornada.<\/p>\n\n\n\n<p>\u201cEstamos muy contentos con la respuesta de la gente. Ver a tantas familias comprometidas con el bienestar de sus animales demuestra el sentido de comunidad que tenemos en Larroque\u201d, se\u00f1alaron desde la Direcci\u00f3n.<\/p>\n\n\n\n<p>El equipo de gesti\u00f3n agradece profundamente a todos los vecinos que participaron de esta iniciativa y, especialmente, a los profesionales veterinarios que dedicaron su tiempo y labor para llevar adelante esta jornada exitosa. <\/p>\n\n\n\n<p><\/p>\n","protected":false},"excerpt":{"rendered":"<p>Vacunaci\u00f3n Antirr\u00e1bica para Perros y Gatos 2026 Larroque, El pasado 19 de abril de 2026 \u2013 Con una concurrencia masiva, finaliz\u00f3 hoy la Campa\u00f1a Gratuita de Vacunaci\u00f3n Antirr\u00e1bica para perros y gatos. Desde la Direcci\u00f3n de Producci\u00f3n y Ambiente de la Municipalidad, se destaca la gran responsabilidad de los vecinos, quienes se acercaron a los [&hellip;]<\/p>\n","protected":false},"author":2,"featured_media":110649,"comment_status":"closed","ping_status":"closed","sticky":false,"template":"","format":"standard","meta":{"footnotes":""},"categories":[25],"tags":[],"class_list":{"0":"post-110648","1":"post","2":"type-post","3":"status-publish","4":"format-standard","5":"has-post-thumbnail","7":"category-regionales"},"_links":{"self":[{"href":"https:\/\/surer.zonasinergia.com.ar\/index.php?rest_route=\/wp\/v2\/posts\/110648","targetHints":{"allow":["GET"]}}],"collection":[{"href":"https:\/\/surer.zonasinergia.com.ar\/index.php?rest_route=\/wp\/v2\/posts"}],"about":[{"href":"https:\/\/surer.zonasinergia.com.ar\/index.php?rest_route=\/wp\/v2\/types\/post"}],"author":[{"embeddable":true,"href":"https:\/\/surer.zonasinergia.com.ar\/index.php?rest_route=\/wp\/v2\/users\/2"}],"replies":[{"embeddable":true,"href":"https:\/\/surer.zonasinergia.com.ar\/index.php?rest_route=%2Fwp%2Fv2%2Fcomments&post=110648"}],"version-history":[{"count":1,"href":"https:\/\/surer.zonasinergia.com.ar\/index.php?rest_route=\/wp\/v2\/posts\/110648\/revisions"}],"predecessor-version":[{"id":110652,"href":"https:\/\/surer.zonasinergia.com.ar\/index.php?rest_route=\/wp\/v2\/posts\/110648\/revisions\/110652"}],"wp:featuredmedia":[{"embeddable":true,"href":"https:\/\/surer.zonasinergia.com.ar\/index.php?rest_route=\/wp\/v2\/media\/110649"}],"wp:attachment":[{"href":"https:\/\/surer.zonasinergia.com.ar\/index.php?rest_route=%2Fwp%2Fv2%2Fmedia&parent=110648"}],"wp:term":[{"taxonomy":"category","embeddable":true,"href":"https:\/\/surer.zonasinergia.com.ar\/index.php?rest_route=%2Fwp%2Fv2%2Fcategories&post=110648"},{"taxonomy":"post_tag","embeddable":true,"href":"https:\/\/surer.zonasinergia.com.ar\/index.php?rest_route=%2Fwp%2Fv2%2Ftags&post=110648"}],"curies":[{"name":"wp","href":"https:\/\/api.w.org\/{rel}","templated":true}]}}