{"id":110741,"date":"2026-04-29T20:11:00","date_gmt":"2026-04-29T20:11:00","guid":{"rendered":"https:\/\/surer.zonasinergia.com.ar\/?p=110741"},"modified":"2026-04-29T20:20:10","modified_gmt":"2026-04-29T20:20:10","slug":"frigerio-en-el-sur-entrerriano-fortalecimiento-de-la-salud-en-larroque-y-nueva-oficina-de-seguridad-en-gualeguaychu","status":"publish","type":"post","link":"https:\/\/surer.zonasinergia.com.ar\/?p=110741","title":{"rendered":"Frigerio en el sur entrerriano: fortalecimiento de la salud en Larroque y nueva oficina de seguridad en Gualeguaych\u00fa"},"content":{"rendered":"\n<h2 class=\"wp-block-heading\"><strong>El gobernador de Entre R\u00edos, Rogelio Frigerio, desarroll\u00f3 una intensa agenda de gesti\u00f3n en la regi\u00f3n.<\/strong><\/h2>\n\n\n\n<p><strong> En Larroque, entreg\u00f3 equipamiento m\u00e9dico, recorri\u00f3 obras y apoy\u00f3 a la industria local a trav\u00e9s del RIGI. Posteriormente, se traslad\u00f3 a Gualeguaych\u00fa para inaugurar instalaciones orientadas a la prevenci\u00f3n policial.<\/strong><\/p>\n\n\n\n<p><\/p>\n\n\n\n<p><strong>Larroque, Entre R\u00edos \u2014<\/strong> En una jornada marcada por anuncios en materia de salud, educaci\u00f3n y seguridad, el gobernador Rogelio Frigerio visit\u00f3 la localidad de Larroque, donde fue recibido en el Hospital San Isidro Labrador. El mandatario provincial lleg\u00f3 acompa\u00f1ado por el secretario general de la Gobernaci\u00f3n, Mauricio Colello, y funcionarios de las \u00e1reas de Salud y Comunicaci\u00f3n.<\/p>\n\n\n\n<p>A nivel local, la comitiva de recepci\u00f3n estuvo encabezada por el intendente Francisco Benedetti, el exdiputado nacional Atilio Benedetti, funcionarios municipales y el director del hospital, el Dr. Gerard Romani, junto a un nutrido grupo de trabajadores de la salud que incluy\u00f3 a m\u00e9dicos, enfermeros, personal administrativo, choferes y de maestranza.<\/p>\n\n\n\n<h3 class=\"wp-block-heading\">Mejoras e infraestructura en el Hospital San Isidro Labrador<\/h3>\n\n\n\n<p>Durante su recorrido por el nosocomio, el gobernador supervis\u00f3 los nuevos elementos incorporados al sistema de salud local, entre los que se destacan un <strong>desfibrilador y una incubadora<\/strong>. Adem\u00e1s, el Dr. Romani guio a las autoridades por las obras de infraestructura que se est\u00e1n llevando a cabo en el edificio y pusieron en marcha un antiguo generador el\u00e9ctrico que, seg\u00fan se anunci\u00f3, ser\u00e1 renovado pr\u00f3ximamente.<\/p>\n\n\n\n<p>El mandatario aprovech\u00f3 la ocasi\u00f3n para dialogar de cerca con el personal. Visit\u00f3 el sector de cocina, donde degust\u00f3 el men\u00fa del d\u00eda junto a las trabajadoras, y recorri\u00f3 el hogar de abuelas de la instituci\u00f3n. En este marco, recibi\u00f3 diversas peticiones para continuar optimizando el servicio regional, entre ellas:<\/p>\n\n\n\n<ul class=\"wp-block-list\">\n<li>La compra definitiva de un nuevo grupo electr\u00f3geno.<\/li>\n\n\n\n<li>La adquisici\u00f3n de camas ortop\u00e9dicas modernas.<\/li>\n\n\n\n<li>La jerarquizaci\u00f3n de los empleados de salud.<\/li>\n<\/ul>\n\n\n\n<p>En rueda de prensa, Frigerio ratific\u00f3 su compromiso de seguir acompa\u00f1ando las gestiones necesarias para dotar al sistema sanitario de instrumental moderno e infraestructura adecuada. Por su parte, el director del hospital agradeci\u00f3 la visita, destacando que <em>\u201creafirma el compromiso y el acompa\u00f1amiento para seguir trabajando por una mejor salud para los larroquenses y la regi\u00f3n\u201d<\/em>.<\/p>\n\n\n\n<h3 class=\"wp-block-heading\">Financiamiento educativo e impulso a la industria<\/h3>\n\n\n\n<p>Consultado por la prensa sobre la situaci\u00f3n de la <strong>Escuela T\u00e9cnica de Larroque<\/strong>, a la cual le resta un 30% de ejecuci\u00f3n para su finalizaci\u00f3n, el gobernador trajo certidumbre. Confirm\u00f3 que la obra ya fue licitada y adjudicada (tras evaluar diez propuestas) y adelant\u00f3 que en los pr\u00f3ximos d\u00edas viajar\u00e1 a Buenos Aires para destrabar y asegurar el financiamiento nacional destinado a esta y otras escuelas en ejecuci\u00f3n dentro de la provincia.<\/p>\n\n\n\n<p>Antes de despedirse de la localidad, Frigerio visit\u00f3 una empresa privada dedicada a la fabricaci\u00f3n de polietilenos. All\u00ed se interioriz\u00f3 sobre los procesos productivos y concret\u00f3 la entrega de un aporte enmarcado en el <strong>R\u00e9gimen de Incentivos para Grandes Inversiones (RIGI)<\/strong>, reafirmando el apoyo gubernamental al sector productivo privado.<\/p>\n\n\n\n<h3 class=\"wp-block-heading\">Refuerzo de la seguridad en Gualeguaych\u00fa<\/h3>\n\n\n\n<p>Finalizando su paso por Larroque, la agenda del gobernador continu\u00f3 en la ciudad de Gualeguaych\u00fa. Tras compartir un almuerzo de trabajo con funcionarios locales, Frigerio encabez\u00f3 el acto central del mi\u00e9rcoles: la inauguraci\u00f3n de una <strong>Oficina Urbana de Seguridad en el barrio 348<\/strong>.<\/p>\n\n\n\n<p>El evento reuni\u00f3 a autoridades locales, provinciales y altos mandos de la Polic\u00eda de Entre R\u00edos. Durante la jornada, no solo se cort\u00f3 la cinta de las nuevas instalaciones, sino que tambi\u00e9n <strong>se entregaron armas y equipamiento t\u00e1ctico<\/strong>, recursos que ser\u00e1n destinados a reforzar las tareas de patrullaje y prevenci\u00f3n del delito en la ciudad, respondiendo a una demanda clave de los vecinos.<\/p>\n","protected":false},"excerpt":{"rendered":"<p>El gobernador de Entre R\u00edos, Rogelio Frigerio, desarroll\u00f3 una intensa agenda de gesti\u00f3n en la regi\u00f3n. En Larroque, entreg\u00f3 equipamiento m\u00e9dico, recorri\u00f3 obras y apoy\u00f3 a la industria local a trav\u00e9s del RIGI. Posteriormente, se traslad\u00f3 a Gualeguaych\u00fa para inaugurar instalaciones orientadas a la prevenci\u00f3n policial. Larroque, Entre R\u00edos \u2014 En una jornada marcada por [&hellip;]<\/p>\n","protected":false},"author":2,"featured_media":110742,"comment_status":"closed","ping_status":"closed","sticky":false,"template":"","format":"standard","meta":{"footnotes":""},"categories":[25],"tags":[],"class_list":{"0":"post-110741","1":"post","2":"type-post","3":"status-publish","4":"format-standard","5":"has-post-thumbnail","7":"category-regionales"},"_links":{"self":[{"href":"https:\/\/surer.zonasinergia.com.ar\/index.php?rest_route=\/wp\/v2\/posts\/110741","targetHints":{"allow":["GET"]}}],"collection":[{"href":"https:\/\/surer.zonasinergia.com.ar\/index.php?rest_route=\/wp\/v2\/posts"}],"about":[{"href":"https:\/\/surer.zonasinergia.com.ar\/index.php?rest_route=\/wp\/v2\/types\/post"}],"author":[{"embeddable":true,"href":"https:\/\/surer.zonasinergia.com.ar\/index.php?rest_route=\/wp\/v2\/users\/2"}],"replies":[{"embeddable":true,"href":"https:\/\/surer.zonasinergia.com.ar\/index.php?rest_route=%2Fwp%2Fv2%2Fcomments&post=110741"}],"version-history":[{"count":2,"href":"https:\/\/surer.zonasinergia.com.ar\/index.php?rest_route=\/wp\/v2\/posts\/110741\/revisions"}],"predecessor-version":[{"id":110745,"href":"https:\/\/surer.zonasinergia.com.ar\/index.php?rest_route=\/wp\/v2\/posts\/110741\/revisions\/110745"}],"wp:featuredmedia":[{"embeddable":true,"href":"https:\/\/surer.zonasinergia.com.ar\/index.php?rest_route=\/wp\/v2\/media\/110742"}],"wp:attachment":[{"href":"https:\/\/surer.zonasinergia.com.ar\/index.php?rest_route=%2Fwp%2Fv2%2Fmedia&parent=110741"}],"wp:term":[{"taxonomy":"category","embeddable":true,"href":"https:\/\/surer.zonasinergia.com.ar\/index.php?rest_route=%2Fwp%2Fv2%2Fcategories&post=110741"},{"taxonomy":"post_tag","embeddable":true,"href":"https:\/\/surer.zonasinergia.com.ar\/index.php?rest_route=%2Fwp%2Fv2%2Ftags&post=110741"}],"curies":[{"name":"wp","href":"https:\/\/api.w.org\/{rel}","templated":true}]}}